{"id":1015,"date":"2024-10-02T10:33:37","date_gmt":"2024-10-02T08:33:37","guid":{"rendered":"https:\/\/logbuch.yellowfox.de\/?p=1015"},"modified":"2024-10-07T09:29:44","modified_gmt":"2024-10-07T07:29:44","slug":"kontrollzeitraum-von-28-auf-56-tage-erhoeht","status":"publish","type":"post","link":"https:\/\/logbuch.yellowfox.de\/index.php\/2024\/10\/02\/kontrollzeitraum-von-28-auf-56-tage-erhoeht\/","title":{"rendered":"Kontrollzeitraum von 28 auf 56 Tage erh\u00f6ht"},"content":{"rendered":"\n<p>Ab dem 31. Dezember 2024 ver\u00e4ndert sich die Nachweispflicht des Fahrers. Alle Daten zu Arbeits-, Lenk-, Bereitschafts- und Ruhezeiten m\u00fcssen dann doppelt so lang mitgef\u00fchrt werden. Dies bedeutet, dass <strong>die bisherige Frist von 28 auf 56 Tage verl\u00e4ngert<\/strong> wird (EU-Verordnung 2020\/1054 Absatz 11). Auch der Personenlinienverkehr (EU-Verordnung 2024\/1258) ist betroffen und muss die neue Frist einhalten.<\/p>\n\n\n\n<p>Zus\u00e4tzlich tritt eine weitere \u00c4nderung in Kraft. Ein Mitgliedstaat kann bei Kontrolle auch Verst\u00f6\u00dfe ahnden, die nicht im eigenen Hoheitsgebiet begangen wurden (EU-Verordnung 2024\/1258 Artikel 19 Absatz 2).<\/p>\n\n\n\n<p>Daher&nbsp;wird&nbsp;eine&nbsp;genaue&nbsp;Kontrolle&nbsp;der&nbsp;bereits&nbsp;erfassten&nbsp;Verst\u00f6\u00dfe,&nbsp;sowie&nbsp;eine&nbsp;zeitnahe&nbsp;Belehrung&nbsp;des Fahrpersonals umso&nbsp;wichtiger. Um diesen Anforderungen besser gerecht zu werden, wurde im f\u00fcr <strong>Tacho-Complete<\/strong>&#8211; und <strong>Tacho-Select-<\/strong>Kunden der Standardzeitraum f\u00fcr die Versto\u00dfkontrolle und Pr\u00fcfung f\u00fcr &#8222;unbekannte Zeitr\u00e4ume&#8220; auf die letzten 56 Tage angepasst. Dieser Zeitraum steht au\u00dferdem f\u00fcr diverse Recherchen, wie beispielsweise Kennzahlen (KPI), vorausgew\u00e4hlt zur Verf\u00fcgung.<\/p>\n\n\n\n<figure class=\"wp-block-image size-full is-resized\"><img loading=\"lazy\" decoding=\"async\" width=\"564\" height=\"320\" src=\"https:\/\/logbuch.yellowfox.de\/wp-content\/uploads\/2024\/10\/56TageKPI.png\" alt=\"\" class=\"wp-image-1025\" style=\"width:449px;height:auto\" srcset=\"https:\/\/logbuch.yellowfox.de\/wp-content\/uploads\/2024\/10\/56TageKPI.png 564w, https:\/\/logbuch.yellowfox.de\/wp-content\/uploads\/2024\/10\/56TageKPI-300x170.png 300w\" sizes=\"auto, (max-width: 564px) 100vw, 564px\" \/><\/figure>\n\n\n\n<p><\/p>\n","protected":false},"excerpt":{"rendered":"<p>Ab dem 31. Dezember 2024 m\u00fcssen alle Tachographendaten zu Arbeits-, Lenk-, Bereitschafts- und Ruhezeiten doppelt so lang mitgef\u00fchrt werden. Die Frist wurde von 28 auf 56 Tage verl\u00e4ngert.<\/p>\n","protected":false},"author":5,"featured_media":0,"comment_status":"closed","ping_status":"closed","sticky":false,"template":"","format":"standard","meta":{"footnotes":""},"categories":[1],"tags":[73,86,35],"class_list":["post-1015","post","type-post","status-publish","format-standard","hentry","category-news","tag-digitacho","tag-tacho-select","tag-tachocomplete"],"_links":{"self":[{"href":"https:\/\/logbuch.yellowfox.de\/index.php\/wp-json\/wp\/v2\/posts\/1015","targetHints":{"allow":["GET"]}}],"collection":[{"href":"https:\/\/logbuch.yellowfox.de\/index.php\/wp-json\/wp\/v2\/posts"}],"about":[{"href":"https:\/\/logbuch.yellowfox.de\/index.php\/wp-json\/wp\/v2\/types\/post"}],"author":[{"embeddable":true,"href":"https:\/\/logbuch.yellowfox.de\/index.php\/wp-json\/wp\/v2\/users\/5"}],"replies":[{"embeddable":true,"href":"https:\/\/logbuch.yellowfox.de\/index.php\/wp-json\/wp\/v2\/comments?post=1015"}],"version-history":[{"count":16,"href":"https:\/\/logbuch.yellowfox.de\/index.php\/wp-json\/wp\/v2\/posts\/1015\/revisions"}],"predecessor-version":[{"id":1035,"href":"https:\/\/logbuch.yellowfox.de\/index.php\/wp-json\/wp\/v2\/posts\/1015\/revisions\/1035"}],"wp:attachment":[{"href":"https:\/\/logbuch.yellowfox.de\/index.php\/wp-json\/wp\/v2\/media?parent=1015"}],"wp:term":[{"taxonomy":"category","embeddable":true,"href":"https:\/\/logbuch.yellowfox.de\/index.php\/wp-json\/wp\/v2\/categories?post=1015"},{"taxonomy":"post_tag","embeddable":true,"href":"https:\/\/logbuch.yellowfox.de\/index.php\/wp-json\/wp\/v2\/tags?post=1015"}],"curies":[{"name":"wp","href":"https:\/\/api.w.org\/{rel}","templated":true}]}}