{"id":1302,"date":"2025-06-10T12:19:57","date_gmt":"2025-06-10T10:19:57","guid":{"rendered":"https:\/\/logbuch.yellowfox.de\/?p=1302"},"modified":"2025-06-10T12:19:57","modified_gmt":"2025-06-10T10:19:57","slug":"abschaltung-des-2g-netzes-betrifft-das-ihre-fahrzeuge","status":"publish","type":"post","link":"https:\/\/logbuch.yellowfox.de\/index.php\/2025\/06\/10\/abschaltung-des-2g-netzes-betrifft-das-ihre-fahrzeuge\/","title":{"rendered":"Abschaltung des 2G-Netzes \u2013 betrifft das Ihre Fahrzeuge?"},"content":{"rendered":"\n<p>Die Telekom wird das 2G-Netz zum 30. Juni 2028 endg\u00fcltig abschalten. Das ist noch eine kleine Weile hin, betrifft aber Ger\u00e4te, die seit vielen Jahren zuverl\u00e4ssig ihren Dienst tun \u2013 darunter auch \u00e4ltere Generationen unserer YellowTracker.<\/p>\n\n\n\n<p>Wenn diese Ger\u00e4te noch 2G zur Daten\u00fcbertragung nutzen, werden sie nach dem Abschalttermin keine Verbindung mehr ins YellowFox-Portal aufbauen k\u00f6nnen. Die Positions- und Statusdaten Ihres Fuhrparks w\u00fcrden dann einfach nicht mehr ankommen.<\/p>\n\n\n\n<h2 class=\"wp-block-heading\">Was Sie jetzt tun sollten<\/h2>\n\n\n\n<p>Im YellowFox-Portal sehen Sie ab sofort in den fahrzeugbezogenen Einstellungen, welche Ihrer Fahrzeuge noch mit 2G-Hardware unterwegs sind. So erkennen Sie auf einen Blick, wo Handlungsbedarf besteht.<\/p>\n\n\n\n<figure class=\"wp-block-image size-large\"><img loading=\"lazy\" decoding=\"async\" width=\"1024\" height=\"419\" src=\"https:\/\/logbuch.yellowfox.de\/wp-content\/uploads\/2025\/06\/Screenshot-2025-05-23-105432-1024x419.png\" alt=\"\" class=\"wp-image-1303\" srcset=\"https:\/\/logbuch.yellowfox.de\/wp-content\/uploads\/2025\/06\/Screenshot-2025-05-23-105432-1024x419.png 1024w, https:\/\/logbuch.yellowfox.de\/wp-content\/uploads\/2025\/06\/Screenshot-2025-05-23-105432-300x123.png 300w, https:\/\/logbuch.yellowfox.de\/wp-content\/uploads\/2025\/06\/Screenshot-2025-05-23-105432-768x314.png 768w, https:\/\/logbuch.yellowfox.de\/wp-content\/uploads\/2025\/06\/Screenshot-2025-05-23-105432.png 1223w\" sizes=\"auto, (max-width: 1024px) 100vw, 1024px\" \/><\/figure>\n\n\n\n<p>Unsere Empfehlung: Tauschen Sie die betroffenen Ger\u00e4te m\u00f6glichst fr\u00fchzeitig aus, statt erst kurz vor dem Stichtag aktiv zu werden. Das verhindert Engp\u00e4sse bei der Umr\u00fcstung und sichert eine durchgehende Daten\u00fcbertragung.<\/p>\n\n\n\n<h2 class=\"wp-block-heading\">Neue Hardware, neue M\u00f6glichkeiten<\/h2>\n\n\n\n<p>Beim Umstieg auf unsere aktuellen 4G-Ger\u00e4te profitieren Sie zus\u00e4tzlich von Optionen, die mit \u00e4lteren Trackern nicht m\u00f6glich waren \u2013 zum Beispiel HD-Ortung und Fahrstilanalyse mit Retarder-Auswertung.<\/p>\n\n\n\n<h2 class=\"wp-block-heading\">TL;DR<\/h2>\n\n\n\n<ul class=\"wp-block-list\">\n<li>2G-Netz wird am 30.06.2028 abgeschaltet<\/li>\n\n\n\n<li>Im YellowFox-Portal sehen Sie jetzt, welche Fahrzeuge betroffen sind<\/li>\n\n\n\n<li>Bitte rechtzeitig umr\u00fcsten, um Ausf\u00e4lle zu vermeiden<\/li>\n\n\n\n<li>Neue Hardware = neue Funktionen<\/li>\n<\/ul>\n\n\n\n<p>Keine Panik, aber: <strong>Jetzt ist ein guter Zeitpunkt, sich drum zu k\u00fcmmern.<\/strong><\/p>\n","protected":false},"excerpt":{"rendered":"<p>Die Telekom wird das 2G-Netz zum 30. Juni 2028 endg\u00fcltig abschalten. Bitte handeln Sie jetzt!<\/p>\n","protected":false},"author":1,"featured_media":0,"comment_status":"closed","ping_status":"closed","sticky":false,"template":"","format":"standard","meta":{"footnotes":""},"categories":[1],"tags":[],"class_list":["post-1302","post","type-post","status-publish","format-standard","hentry","category-news"],"_links":{"self":[{"href":"https:\/\/logbuch.yellowfox.de\/index.php\/wp-json\/wp\/v2\/posts\/1302","targetHints":{"allow":["GET"]}}],"collection":[{"href":"https:\/\/logbuch.yellowfox.de\/index.php\/wp-json\/wp\/v2\/posts"}],"about":[{"href":"https:\/\/logbuch.yellowfox.de\/index.php\/wp-json\/wp\/v2\/types\/post"}],"author":[{"embeddable":true,"href":"https:\/\/logbuch.yellowfox.de\/index.php\/wp-json\/wp\/v2\/users\/1"}],"replies":[{"embeddable":true,"href":"https:\/\/logbuch.yellowfox.de\/index.php\/wp-json\/wp\/v2\/comments?post=1302"}],"version-history":[{"count":1,"href":"https:\/\/logbuch.yellowfox.de\/index.php\/wp-json\/wp\/v2\/posts\/1302\/revisions"}],"predecessor-version":[{"id":1304,"href":"https:\/\/logbuch.yellowfox.de\/index.php\/wp-json\/wp\/v2\/posts\/1302\/revisions\/1304"}],"wp:attachment":[{"href":"https:\/\/logbuch.yellowfox.de\/index.php\/wp-json\/wp\/v2\/media?parent=1302"}],"wp:term":[{"taxonomy":"category","embeddable":true,"href":"https:\/\/logbuch.yellowfox.de\/index.php\/wp-json\/wp\/v2\/categories?post=1302"},{"taxonomy":"post_tag","embeddable":true,"href":"https:\/\/logbuch.yellowfox.de\/index.php\/wp-json\/wp\/v2\/tags?post=1302"}],"curies":[{"name":"wp","href":"https:\/\/api.w.org\/{rel}","templated":true}]}}