{"id":1364,"date":"2025-08-13T13:50:28","date_gmt":"2025-08-13T11:50:28","guid":{"rendered":"https:\/\/logbuch.yellowfox.de\/?p=1364"},"modified":"2025-08-13T13:50:28","modified_gmt":"2025-08-13T11:50:28","slug":"neue-features-in-der-karte","status":"publish","type":"post","link":"https:\/\/logbuch.yellowfox.de\/index.php\/2025\/08\/13\/neue-features-in-der-karte\/","title":{"rendered":"Neue Features in der Karte"},"content":{"rendered":"\n<p>Erst vor einigen Monaten erhielt unsere \u00dcbersichtskarte eine umfangreiche \u00dcberarbeitung und pr\u00e4sentiert seitdem eine Vielzahl an Informationen zu Ihrer Flotte in einem modernen Design. Mit einigen neuen Features k\u00f6nnen Sie nun noch mehr aus der Karte herausholen.<\/p>\n\n\n\n<div class=\"wp-block-columns is-layout-flex wp-container-core-columns-is-layout-9d6595d7 wp-block-columns-is-layout-flex\">\n<div class=\"wp-block-column is-layout-flow wp-block-column-is-layout-flow\">\n<p><strong>Anzeige von Verbr\u00e4uchen<\/strong><\/p>\n\n\n\n<p>In der Karte wird Ihnen bei Klick auf ein Fahrzeug nun auch der Durchschnittsverbrauch \u00fcber die letzten 30 Tage angezeigt. Dieser Wert ist ab der Tarifoption FMS\/CAN Eco verf\u00fcgbar, sofern das Fahrzeug diesen liefert.<\/p>\n\n\n\n<p><\/p>\n<\/div>\n\n\n\n<div class=\"wp-block-column is-layout-flow wp-block-column-is-layout-flow\">\n<figure class=\"wp-block-image size-full\"><img loading=\"lazy\" decoding=\"async\" width=\"368\" height=\"228\" src=\"https:\/\/logbuch.yellowfox.de\/wp-content\/uploads\/2025\/08\/verbauch.png\" alt=\"\" class=\"wp-image-1373\" srcset=\"https:\/\/logbuch.yellowfox.de\/wp-content\/uploads\/2025\/08\/verbauch.png 368w, https:\/\/logbuch.yellowfox.de\/wp-content\/uploads\/2025\/08\/verbauch-300x186.png 300w\" sizes=\"auto, (max-width: 368px) 100vw, 368px\" \/><\/figure>\n<\/div>\n<\/div>\n\n\n\n<div class=\"wp-block-columns is-layout-flex wp-container-core-columns-is-layout-9d6595d7 wp-block-columns-is-layout-flex\">\n<div class=\"wp-block-column is-layout-flow wp-block-column-is-layout-flow\"><div class=\"wp-block-image\">\n<figure class=\"aligncenter size-full is-resized\"><img loading=\"lazy\" decoding=\"async\" width=\"350\" height=\"210\" src=\"https:\/\/logbuch.yellowfox.de\/wp-content\/uploads\/2025\/08\/small_icons-1.png\" alt=\"\" class=\"wp-image-1371\" style=\"width:332px;height:auto\" srcset=\"https:\/\/logbuch.yellowfox.de\/wp-content\/uploads\/2025\/08\/small_icons-1.png 350w, https:\/\/logbuch.yellowfox.de\/wp-content\/uploads\/2025\/08\/small_icons-1-300x180.png 300w\" sizes=\"auto, (max-width: 350px) 100vw, 350px\" \/><\/figure>\n<\/div>\n\n\n<div style=\"height:44px\" aria-hidden=\"true\" class=\"wp-block-spacer\"><\/div>\n\n\n\n<div class=\"wp-block-group\"><div class=\"wp-block-group__inner-container is-layout-constrained wp-block-group-is-layout-constrained\"><div class=\"wp-block-image\">\n<figure class=\"aligncenter size-full\"><img loading=\"lazy\" decoding=\"async\" width=\"323\" height=\"260\" src=\"https:\/\/logbuch.yellowfox.de\/wp-content\/uploads\/2025\/08\/new_colors-1.png\" alt=\"\" class=\"wp-image-1369\" srcset=\"https:\/\/logbuch.yellowfox.de\/wp-content\/uploads\/2025\/08\/new_colors-1.png 323w, https:\/\/logbuch.yellowfox.de\/wp-content\/uploads\/2025\/08\/new_colors-1-300x241.png 300w\" sizes=\"auto, (max-width: 323px) 100vw, 323px\" \/><\/figure>\n<\/div><\/div><\/div>\n<\/div>\n\n\n\n<div class=\"wp-block-column is-layout-flow wp-block-column-is-layout-flow\">\n<p><strong>Neue Fahrzeugicons<\/strong><\/p>\n\n\n\n<p>Mit der Umstellung auf unsere neue Karte ist das Standardsymbol f\u00fcr Fahrzeuge auf der Karte deutlich gr\u00f6\u00dfer geworden. Auch wenn es dadurch auf der Karte besser sichtbar wurde, haben wir auch das Feedback vieler Kunden geh\u00f6rt, die sich eine etwas kleinere Variante insbesondere bei vielen Fahrzeugen gew\u00fcnscht haben. Daher haben Sie nun die M\u00f6glichkeit, zwischen zwei Gr\u00f6\u00dfen f\u00fcr das Standardsymbol zu w\u00e4hlen &#8211; ganz auf Ihre Bed\u00fcrfnisse angepasst.<\/p>\n\n\n\n<p>F\u00fcr Kunden, die lieber unsere Kartensymbole mit Fahrzeugsymbolik nutzen, stehen au\u00dferdem 3 weitere Farben zur Verf\u00fcgung: rosa, hellblau und grau. So k\u00f6nnen Sie Ihren Fuhrpark noch besser gruppieren.<\/p>\n<\/div>\n<\/div>\n\n\n\n<p>Kontaktieren Sie uns bitte bei Fragen, unser Portalsupport steht Ihnen gern zur Verf\u00fcgung..<\/p>\n","protected":false},"excerpt":{"rendered":"<p>Neue Fahrzeugsymbole und Verbr\u00e4uche helfen Ihnen noch mehr aus der Kartenansicht herauszuholen.<\/p>\n","protected":false},"author":6,"featured_media":0,"comment_status":"closed","ping_status":"closed","sticky":false,"template":"","format":"standard","meta":{"footnotes":""},"categories":[1],"tags":[42,41,30],"class_list":["post-1364","post","type-post","status-publish","format-standard","hentry","category-news","tag-can","tag-fms","tag-karte"],"_links":{"self":[{"href":"https:\/\/logbuch.yellowfox.de\/index.php\/wp-json\/wp\/v2\/posts\/1364","targetHints":{"allow":["GET"]}}],"collection":[{"href":"https:\/\/logbuch.yellowfox.de\/index.php\/wp-json\/wp\/v2\/posts"}],"about":[{"href":"https:\/\/logbuch.yellowfox.de\/index.php\/wp-json\/wp\/v2\/types\/post"}],"author":[{"embeddable":true,"href":"https:\/\/logbuch.yellowfox.de\/index.php\/wp-json\/wp\/v2\/users\/6"}],"replies":[{"embeddable":true,"href":"https:\/\/logbuch.yellowfox.de\/index.php\/wp-json\/wp\/v2\/comments?post=1364"}],"version-history":[{"count":8,"href":"https:\/\/logbuch.yellowfox.de\/index.php\/wp-json\/wp\/v2\/posts\/1364\/revisions"}],"predecessor-version":[{"id":1384,"href":"https:\/\/logbuch.yellowfox.de\/index.php\/wp-json\/wp\/v2\/posts\/1364\/revisions\/1384"}],"wp:attachment":[{"href":"https:\/\/logbuch.yellowfox.de\/index.php\/wp-json\/wp\/v2\/media?parent=1364"}],"wp:term":[{"taxonomy":"category","embeddable":true,"href":"https:\/\/logbuch.yellowfox.de\/index.php\/wp-json\/wp\/v2\/categories?post=1364"},{"taxonomy":"post_tag","embeddable":true,"href":"https:\/\/logbuch.yellowfox.de\/index.php\/wp-json\/wp\/v2\/tags?post=1364"}],"curies":[{"name":"wp","href":"https:\/\/api.w.org\/{rel}","templated":true}]}}