{"id":269,"date":"2023-08-31T15:39:51","date_gmt":"2023-08-31T13:39:51","guid":{"rendered":"https:\/\/logbuch.yellowfox.de\/?p=269"},"modified":"2023-08-31T15:39:51","modified_gmt":"2023-08-31T13:39:51","slug":"personaleintraege-zum-termin-deaktivieren","status":"publish","type":"post","link":"https:\/\/logbuch.yellowfox.de\/index.php\/2023\/08\/31\/personaleintraege-zum-termin-deaktivieren\/","title":{"rendered":"Personaleintr\u00e4ge zum Termin deaktivieren"},"content":{"rendered":"\n<p>Immer wieder kommt es vor, dass Mitarbeiter ein Unternehmen verlassen. In der YellowFox Personalverwaltung kann das nun auch entsprechend verwaltet werden.<\/p>\n\n\n\n<figure class=\"wp-block-image size-full\"><img loading=\"lazy\" decoding=\"async\" width=\"557\" height=\"221\" src=\"https:\/\/logbuch.yellowfox.de\/wp-content\/uploads\/2023\/08\/personalloeschenzumdatum.png\" alt=\"\" class=\"wp-image-270\" srcset=\"https:\/\/logbuch.yellowfox.de\/wp-content\/uploads\/2023\/08\/personalloeschenzumdatum.png 557w, https:\/\/logbuch.yellowfox.de\/wp-content\/uploads\/2023\/08\/personalloeschenzumdatum-300x119.png 300w\" sizes=\"auto, (max-width: 557px) 100vw, 557px\" \/><\/figure>\n\n\n\n<p>Es wird jeweils zum Ende des Tages des gew\u00e4hlten Datums gel\u00f6scht. Diese Erweiterung ist sowohl f\u00fcr einen einzelnen Mitarbeiter als auch \u00fcber die Massenfunktion verf\u00fcgbar.<\/p>\n","protected":false},"excerpt":{"rendered":"<p>In der YellowFox Personalverwaltung kann das Ausscheiden einzelner Mitarbeiter entsprechend verwaltet werden.<\/p>\n","protected":false},"author":1,"featured_media":0,"comment_status":"closed","ping_status":"closed","sticky":false,"template":"","format":"standard","meta":{"footnotes":""},"categories":[1],"tags":[38],"class_list":["post-269","post","type-post","status-publish","format-standard","hentry","category-news","tag-personalverwaltung"],"_links":{"self":[{"href":"https:\/\/logbuch.yellowfox.de\/index.php\/wp-json\/wp\/v2\/posts\/269","targetHints":{"allow":["GET"]}}],"collection":[{"href":"https:\/\/logbuch.yellowfox.de\/index.php\/wp-json\/wp\/v2\/posts"}],"about":[{"href":"https:\/\/logbuch.yellowfox.de\/index.php\/wp-json\/wp\/v2\/types\/post"}],"author":[{"embeddable":true,"href":"https:\/\/logbuch.yellowfox.de\/index.php\/wp-json\/wp\/v2\/users\/1"}],"replies":[{"embeddable":true,"href":"https:\/\/logbuch.yellowfox.de\/index.php\/wp-json\/wp\/v2\/comments?post=269"}],"version-history":[{"count":1,"href":"https:\/\/logbuch.yellowfox.de\/index.php\/wp-json\/wp\/v2\/posts\/269\/revisions"}],"predecessor-version":[{"id":271,"href":"https:\/\/logbuch.yellowfox.de\/index.php\/wp-json\/wp\/v2\/posts\/269\/revisions\/271"}],"wp:attachment":[{"href":"https:\/\/logbuch.yellowfox.de\/index.php\/wp-json\/wp\/v2\/media?parent=269"}],"wp:term":[{"taxonomy":"category","embeddable":true,"href":"https:\/\/logbuch.yellowfox.de\/index.php\/wp-json\/wp\/v2\/categories?post=269"},{"taxonomy":"post_tag","embeddable":true,"href":"https:\/\/logbuch.yellowfox.de\/index.php\/wp-json\/wp\/v2\/tags?post=269"}],"curies":[{"name":"wp","href":"https:\/\/api.w.org\/{rel}","templated":true}]}}