{"id":308,"date":"2023-09-07T10:28:07","date_gmt":"2023-09-07T08:28:07","guid":{"rendered":"https:\/\/logbuch.yellowfox.de\/?p=308"},"modified":"2023-09-07T16:10:46","modified_gmt":"2023-09-07T14:10:46","slug":"kompaktere-ansicht-bei-fahrerbewertung-und-fahrstilanalyse","status":"publish","type":"post","link":"https:\/\/logbuch.yellowfox.de\/index.php\/2023\/09\/07\/kompaktere-ansicht-bei-fahrerbewertung-und-fahrstilanalyse\/","title":{"rendered":"Kompaktere Ansicht bei Fahrerbewertung und Fahrstilanalyse"},"content":{"rendered":"\n<p>In der Fahrstilanalyse steht ab sofort eine &#8222;Kompakte Ansicht&#8220; zur Verf\u00fcgung. Diese gibt nur die Zusammenfassung (erste Seite mit den Noten) pro Fahrer aus. Alle anderen Details wie z. B. Routen, Karten, Auflistungen zu kritische Events (starke Beschleunigung, Kurvenfahrten etc.), Einzelfahrten, usw. werden dann ausgeblendet.<\/p>\n\n\n\n<figure class=\"wp-block-image size-full\"><img loading=\"lazy\" decoding=\"async\" width=\"763\" height=\"522\" src=\"https:\/\/logbuch.yellowfox.de\/wp-content\/uploads\/2023\/09\/kompakte-ansicht-edited.png\" alt=\"\" class=\"wp-image-310\" srcset=\"https:\/\/logbuch.yellowfox.de\/wp-content\/uploads\/2023\/09\/kompakte-ansicht-edited.png 763w, https:\/\/logbuch.yellowfox.de\/wp-content\/uploads\/2023\/09\/kompakte-ansicht-edited-300x205.png 300w\" sizes=\"auto, (max-width: 763px) 100vw, 763px\" \/><\/figure>\n\n\n\n<p>Wenn Sie die Fahrstilanalyse als PDF exportieren und dann drucken m\u00f6chten, sorgt dies nicht nur f\u00fcr mehr \u00dcbersichtlichkeit, sondern spart auch Papier und schont die Umwelt.<\/p>\n\n\n\n<p><\/p>\n","protected":false},"excerpt":{"rendered":"<p>In der Fahrstilanalyse kann man sich ab sofort eine Kompakte Ansicht erstellen lassen.<\/p>\n","protected":false},"author":5,"featured_media":0,"comment_status":"closed","ping_status":"closed","sticky":false,"template":"","format":"standard","meta":{"footnotes":""},"categories":[1],"tags":[4,45],"class_list":["post-308","post","type-post","status-publish","format-standard","hentry","category-news","tag-berichtscenter","tag-fahrstilanalyse"],"_links":{"self":[{"href":"https:\/\/logbuch.yellowfox.de\/index.php\/wp-json\/wp\/v2\/posts\/308","targetHints":{"allow":["GET"]}}],"collection":[{"href":"https:\/\/logbuch.yellowfox.de\/index.php\/wp-json\/wp\/v2\/posts"}],"about":[{"href":"https:\/\/logbuch.yellowfox.de\/index.php\/wp-json\/wp\/v2\/types\/post"}],"author":[{"embeddable":true,"href":"https:\/\/logbuch.yellowfox.de\/index.php\/wp-json\/wp\/v2\/users\/5"}],"replies":[{"embeddable":true,"href":"https:\/\/logbuch.yellowfox.de\/index.php\/wp-json\/wp\/v2\/comments?post=308"}],"version-history":[{"count":5,"href":"https:\/\/logbuch.yellowfox.de\/index.php\/wp-json\/wp\/v2\/posts\/308\/revisions"}],"predecessor-version":[{"id":316,"href":"https:\/\/logbuch.yellowfox.de\/index.php\/wp-json\/wp\/v2\/posts\/308\/revisions\/316"}],"wp:attachment":[{"href":"https:\/\/logbuch.yellowfox.de\/index.php\/wp-json\/wp\/v2\/media?parent=308"}],"wp:term":[{"taxonomy":"category","embeddable":true,"href":"https:\/\/logbuch.yellowfox.de\/index.php\/wp-json\/wp\/v2\/categories?post=308"},{"taxonomy":"post_tag","embeddable":true,"href":"https:\/\/logbuch.yellowfox.de\/index.php\/wp-json\/wp\/v2\/tags?post=308"}],"curies":[{"name":"wp","href":"https:\/\/api.w.org\/{rel}","templated":true}]}}