{"id":348,"date":"2023-11-20T17:06:34","date_gmt":"2023-11-20T16:06:34","guid":{"rendered":"https:\/\/logbuch.yellowfox.de\/?p=348"},"modified":"2023-11-20T17:06:34","modified_gmt":"2023-11-20T16:06:34","slug":"yellowtimemanager-neue-bedingung-fuer-gesonderte-zeitspannen","status":"publish","type":"post","link":"https:\/\/logbuch.yellowfox.de\/index.php\/2023\/11\/20\/yellowtimemanager-neue-bedingung-fuer-gesonderte-zeitspannen\/","title":{"rendered":"YellowTimeManager: Neue Bedingung f\u00fcr gesonderte Zeitspannen"},"content":{"rendered":"\n<p>F\u00fcr die Auswertung von unterschiedlichen Zuschl\u00e4gen, sowie vielen anderen Zeit- und Tagesabh\u00e4ngigen Berechnungen, bietet der YellowTimeManager mit den gesonderten Zeitspannen schon lange ein hilfreiches Arbeitswerkzeug.<\/p>\n\n\n\n<p>Neben der Einstellung welche Tageszeit f\u00fcr eine gesonderte Zeitspanne relevant ist, gibt es die M\u00f6glichkeit eine Zeitspanne mit verschiedensten Bedingungen zu versehen. Das k\u00f6nnen bestimmte Wochentags-Einschr\u00e4nkungen sein oder die Festlegung ob eine Zeitspanne nur gelten soll, wenn ein Mitarbeiter vor einer festgelegten Uhrzeit begonnen hat zu Arbeiten.<\/p>\n\n\n\n<p>Um die Auswertungsm\u00f6glichkeiten noch besser an die Anforderungen unserer Kunden anzupassen, haben wir eine neue Bedingung eingef\u00fchrt: &#8222;nur aktiv wenn Schichtende nach&#8220;.<br>Mit dieser Bedingung k\u00f6nnen Sie steuern, dass eine Zeitspanne nur gelten werden soll, wenn der Mitarbeiter nach einer festgelegten Uhrzeit aufgeh\u00f6rt hat zu Arbeiten.<\/p>\n\n\n\n<p><\/p>\n\n\n\n<p><\/p>\n","protected":false},"excerpt":{"rendered":"<p>Schichtarbeitszeiten k\u00f6nnen Sie nun noch besser abrechnen mit der neuen Bedingung nur wenn Schichende nach h:mm<\/p>\n","protected":false},"author":4,"featured_media":0,"comment_status":"closed","ping_status":"closed","sticky":false,"template":"","format":"standard","meta":{"footnotes":""},"categories":[1],"tags":[15,3],"class_list":["post-348","post","type-post","status-publish","format-standard","hentry","category-news","tag-yellowtimemanager","tag-zeiterfassung"],"_links":{"self":[{"href":"https:\/\/logbuch.yellowfox.de\/index.php\/wp-json\/wp\/v2\/posts\/348","targetHints":{"allow":["GET"]}}],"collection":[{"href":"https:\/\/logbuch.yellowfox.de\/index.php\/wp-json\/wp\/v2\/posts"}],"about":[{"href":"https:\/\/logbuch.yellowfox.de\/index.php\/wp-json\/wp\/v2\/types\/post"}],"author":[{"embeddable":true,"href":"https:\/\/logbuch.yellowfox.de\/index.php\/wp-json\/wp\/v2\/users\/4"}],"replies":[{"embeddable":true,"href":"https:\/\/logbuch.yellowfox.de\/index.php\/wp-json\/wp\/v2\/comments?post=348"}],"version-history":[{"count":3,"href":"https:\/\/logbuch.yellowfox.de\/index.php\/wp-json\/wp\/v2\/posts\/348\/revisions"}],"predecessor-version":[{"id":353,"href":"https:\/\/logbuch.yellowfox.de\/index.php\/wp-json\/wp\/v2\/posts\/348\/revisions\/353"}],"wp:attachment":[{"href":"https:\/\/logbuch.yellowfox.de\/index.php\/wp-json\/wp\/v2\/media?parent=348"}],"wp:term":[{"taxonomy":"category","embeddable":true,"href":"https:\/\/logbuch.yellowfox.de\/index.php\/wp-json\/wp\/v2\/categories?post=348"},{"taxonomy":"post_tag","embeddable":true,"href":"https:\/\/logbuch.yellowfox.de\/index.php\/wp-json\/wp\/v2\/tags?post=348"}],"curies":[{"name":"wp","href":"https:\/\/api.w.org\/{rel}","templated":true}]}}