{"id":361,"date":"2023-11-28T07:50:48","date_gmt":"2023-11-28T06:50:48","guid":{"rendered":"https:\/\/logbuch.yellowfox.de\/?p=361"},"modified":"2023-11-28T07:50:48","modified_gmt":"2023-11-28T06:50:48","slug":"mehr-uebersicht-verwendetes-arbeitszeitprofil-fuer-jeden-kalendertag-im-yellowtimemanager","status":"publish","type":"post","link":"https:\/\/logbuch.yellowfox.de\/index.php\/2023\/11\/28\/mehr-uebersicht-verwendetes-arbeitszeitprofil-fuer-jeden-kalendertag-im-yellowtimemanager\/","title":{"rendered":"Mehr \u00dcbersicht: Verwendetes Arbeitszeitprofil f\u00fcr jeden Kalendertag im YellowTimeManager"},"content":{"rendered":"\n<p>Die Zeiterfassungs-Daten jedes Kalendertages im YellowTimeManager werden immer auf der Basis eines hinterlegten Arbeitszeitprofils berechnet.<br>In Firmen mit vielen verschiedenen aktiv genutzten Arbeitszeitprofilen ist der \u00dcberblick \u00fcber die verwendeten Arbeitszeitprofile dann schnell verloren. Welches Arbeitszeitprofil wurde an welchem Kalendertag bei dieser Person verwendet?<\/p>\n\n\n\n<!--more-->\n\n\n\n<p>Um Nutzern des YellowTimeManagers diesen \u00dcberblick zur\u00fcck zu geben, haben wir als neue Auswertung f\u00fcr die kalenderbasierte Auswertung die Spalte &#8222;Arbeitszeitprofil&#8220; eingef\u00fchrt.<\/p>\n\n\n\n<figure class=\"wp-block-image size-large\"><img loading=\"lazy\" decoding=\"async\" width=\"1024\" height=\"729\" src=\"https:\/\/logbuch.yellowfox.de\/wp-content\/uploads\/2023\/11\/Zeiterfassung-Recherche-Neue-Spalte-Arbeitszeitprofil-1024x729.png\" alt=\"\" class=\"wp-image-362\" srcset=\"https:\/\/logbuch.yellowfox.de\/wp-content\/uploads\/2023\/11\/Zeiterfassung-Recherche-Neue-Spalte-Arbeitszeitprofil-1024x729.png 1024w, https:\/\/logbuch.yellowfox.de\/wp-content\/uploads\/2023\/11\/Zeiterfassung-Recherche-Neue-Spalte-Arbeitszeitprofil-300x214.png 300w, https:\/\/logbuch.yellowfox.de\/wp-content\/uploads\/2023\/11\/Zeiterfassung-Recherche-Neue-Spalte-Arbeitszeitprofil-768x547.png 768w, https:\/\/logbuch.yellowfox.de\/wp-content\/uploads\/2023\/11\/Zeiterfassung-Recherche-Neue-Spalte-Arbeitszeitprofil.png 1183w\" sizes=\"auto, (max-width: 1024px) 100vw, 1024px\" \/><\/figure>\n\n\n\n<p><br>Standardm\u00e4\u00dfig ist diese neue Spalte ausgeblendet, aber das l\u00e4sst sich mit nur wenigen Klicks \u00fcber die Tabellen-Konfiguration \u00e4ndern.<\/p>\n\n\n\n<p>Die neue Spalte &#8222;Arbeitszeitprofil&#8220; wird in allen bisher angeboten Export-Formaten (HTML, PDF, Excel und CSV dargestellt)<\/p>\n\n\n\n<p>Diese Funktion wird ab Donnerstag, den 30.11.2023 zur Verf\u00fcgung stehen.<\/p>\n\n\n\n<p><\/p>\n\n\n\n<p><\/p>\n","protected":false},"excerpt":{"rendered":"<p>Die Zeiterfassungs-Daten jedes Kalendertages im YellowTimeManager werden immer auf der Basis eines hinterlegten Arbeitszeitprofils berechnet.In Firmen mit vielen verschiedenen aktiv genutzten Arbeitszeitprofilen ist der \u00dcberblick \u00fcber die verwendeten Arbeitszeitprofile dann schnell verloren. Welches Arbeitszeitprofil wurde an welchem Kalendertag bei dieser Person verwendet?<\/p>\n","protected":false},"author":4,"featured_media":0,"comment_status":"closed","ping_status":"","sticky":false,"template":"","format":"standard","meta":{"footnotes":""},"categories":[1],"tags":[15,3],"class_list":["post-361","post","type-post","status-publish","format-standard","hentry","category-news","tag-yellowtimemanager","tag-zeiterfassung"],"_links":{"self":[{"href":"https:\/\/logbuch.yellowfox.de\/index.php\/wp-json\/wp\/v2\/posts\/361","targetHints":{"allow":["GET"]}}],"collection":[{"href":"https:\/\/logbuch.yellowfox.de\/index.php\/wp-json\/wp\/v2\/posts"}],"about":[{"href":"https:\/\/logbuch.yellowfox.de\/index.php\/wp-json\/wp\/v2\/types\/post"}],"author":[{"embeddable":true,"href":"https:\/\/logbuch.yellowfox.de\/index.php\/wp-json\/wp\/v2\/users\/4"}],"replies":[{"embeddable":true,"href":"https:\/\/logbuch.yellowfox.de\/index.php\/wp-json\/wp\/v2\/comments?post=361"}],"version-history":[{"count":2,"href":"https:\/\/logbuch.yellowfox.de\/index.php\/wp-json\/wp\/v2\/posts\/361\/revisions"}],"predecessor-version":[{"id":371,"href":"https:\/\/logbuch.yellowfox.de\/index.php\/wp-json\/wp\/v2\/posts\/361\/revisions\/371"}],"wp:attachment":[{"href":"https:\/\/logbuch.yellowfox.de\/index.php\/wp-json\/wp\/v2\/media?parent=361"}],"wp:term":[{"taxonomy":"category","embeddable":true,"href":"https:\/\/logbuch.yellowfox.de\/index.php\/wp-json\/wp\/v2\/categories?post=361"},{"taxonomy":"post_tag","embeddable":true,"href":"https:\/\/logbuch.yellowfox.de\/index.php\/wp-json\/wp\/v2\/tags?post=361"}],"curies":[{"name":"wp","href":"https:\/\/api.w.org\/{rel}","templated":true}]}}