{"id":364,"date":"2023-11-28T07:53:05","date_gmt":"2023-11-28T06:53:05","guid":{"rendered":"https:\/\/logbuch.yellowfox.de\/?p=364"},"modified":"2023-11-28T07:53:05","modified_gmt":"2023-11-28T06:53:05","slug":"yellowtimemanager-schnelles-aendern-von-arbeitszeitprofilen-fuer-einzelne-kalendertage","status":"publish","type":"post","link":"https:\/\/logbuch.yellowfox.de\/index.php\/2023\/11\/28\/yellowtimemanager-schnelles-aendern-von-arbeitszeitprofilen-fuer-einzelne-kalendertage\/","title":{"rendered":"YellowTimeManager: Schnelles \u00c4ndern von Arbeitszeitprofilen f\u00fcr einzelne Kalendertage"},"content":{"rendered":"\n<p>Jeder Mitarbeiter hat gew\u00f6hnlich ein Arbeitszeitprofil. \u00dcber dieses werden bestimmte f\u00fcr die Zeiterfassung relevante Auswertungen gesteuert. An welchem Kalendertag muss eine Person wie lange arbeiten? Ist eine Kernarbeitszeit festgelegt? Und vieles mehr.<br>Manchmal ist es aber n\u00f6tig f\u00fcr einzelne Kalendertage abweichende Regelungen zu benutzen. Bisher war dies sehr umst\u00e4ndlich f\u00fcr die t\u00e4gliche Arbeit.<\/p>\n\n\n\n<!--more-->\n\n\n\n<p>Um diesen Prozess zu vereinfachen, gibt es jetzt die M\u00f6glichkeit direkt in der Recherche der Zeiterfassung f\u00fcr ausgew\u00e4hlte Kalendertage das verwendete Arbeitszeitprofil zu \u00e4ndern.<br>Dabei ist es egal, ob dies ein einzelner Kalendertag ist, eine ganze Woche oder mehrere Kalendertage in verschiedenen Wochen. Der YellowTimeManager passt selbst\u00e4ndig die bestehenden Arbeitszeitprofil-Zuweisungen an.<\/p>\n\n\n\n<figure class=\"wp-block-image size-large\"><img loading=\"lazy\" decoding=\"async\" width=\"1024\" height=\"542\" src=\"https:\/\/logbuch.yellowfox.de\/wp-content\/uploads\/2023\/11\/Zeiterfassung-Recherche-Arbeitszeitprofil-aendern-Auswahl-1024x542.png\" alt=\"\" class=\"wp-image-365\" srcset=\"https:\/\/logbuch.yellowfox.de\/wp-content\/uploads\/2023\/11\/Zeiterfassung-Recherche-Arbeitszeitprofil-aendern-Auswahl-1024x542.png 1024w, https:\/\/logbuch.yellowfox.de\/wp-content\/uploads\/2023\/11\/Zeiterfassung-Recherche-Arbeitszeitprofil-aendern-Auswahl-300x159.png 300w, https:\/\/logbuch.yellowfox.de\/wp-content\/uploads\/2023\/11\/Zeiterfassung-Recherche-Arbeitszeitprofil-aendern-Auswahl-768x407.png 768w, https:\/\/logbuch.yellowfox.de\/wp-content\/uploads\/2023\/11\/Zeiterfassung-Recherche-Arbeitszeitprofil-aendern-Auswahl.png 1175w\" sizes=\"auto, (max-width: 1024px) 100vw, 1024px\" \/><\/figure>\n\n\n\n<figure class=\"wp-block-image size-full\"><img loading=\"lazy\" decoding=\"async\" width=\"901\" height=\"207\" src=\"https:\/\/logbuch.yellowfox.de\/wp-content\/uploads\/2023\/11\/Zeiterfassung-Recherche-Arbeitszeitprofil-aendern-Dialog-1.png\" alt=\"\" class=\"wp-image-369\" srcset=\"https:\/\/logbuch.yellowfox.de\/wp-content\/uploads\/2023\/11\/Zeiterfassung-Recherche-Arbeitszeitprofil-aendern-Dialog-1.png 901w, https:\/\/logbuch.yellowfox.de\/wp-content\/uploads\/2023\/11\/Zeiterfassung-Recherche-Arbeitszeitprofil-aendern-Dialog-1-300x69.png 300w, https:\/\/logbuch.yellowfox.de\/wp-content\/uploads\/2023\/11\/Zeiterfassung-Recherche-Arbeitszeitprofil-aendern-Dialog-1-768x176.png 768w\" sizes=\"auto, (max-width: 901px) 100vw, 901px\" \/><\/figure>\n\n\n\n<p>Diese Funktion wird ab Donnerstag, den 30.11.2023 zur Verf\u00fcgung stehen.<\/p>\n","protected":false},"excerpt":{"rendered":"<p>Jeder Mitarbeiter hat gew\u00f6hnlich ein Arbeitszeitprofil. \u00dcber dieses werden bestimmte f\u00fcr die Zeiterfassung relevante Auswertungen gesteuert. An welchem Kalendertag muss eine Person wie lange arbeiten? Ist eine Kernarbeitszeit festgelegt? Und vieles mehr.Manchmal ist es aber n\u00f6tig f\u00fcr einzelne Kalendertage abweichende Regelungen zu benutzen. Bisher war dies sehr umst\u00e4ndlich f\u00fcr die t\u00e4gliche Arbeit.<\/p>\n","protected":false},"author":4,"featured_media":0,"comment_status":"closed","ping_status":"","sticky":false,"template":"","format":"standard","meta":{"footnotes":""},"categories":[1],"tags":[15,3],"class_list":["post-364","post","type-post","status-publish","format-standard","hentry","category-news","tag-yellowtimemanager","tag-zeiterfassung"],"_links":{"self":[{"href":"https:\/\/logbuch.yellowfox.de\/index.php\/wp-json\/wp\/v2\/posts\/364","targetHints":{"allow":["GET"]}}],"collection":[{"href":"https:\/\/logbuch.yellowfox.de\/index.php\/wp-json\/wp\/v2\/posts"}],"about":[{"href":"https:\/\/logbuch.yellowfox.de\/index.php\/wp-json\/wp\/v2\/types\/post"}],"author":[{"embeddable":true,"href":"https:\/\/logbuch.yellowfox.de\/index.php\/wp-json\/wp\/v2\/users\/4"}],"replies":[{"embeddable":true,"href":"https:\/\/logbuch.yellowfox.de\/index.php\/wp-json\/wp\/v2\/comments?post=364"}],"version-history":[{"count":3,"href":"https:\/\/logbuch.yellowfox.de\/index.php\/wp-json\/wp\/v2\/posts\/364\/revisions"}],"predecessor-version":[{"id":370,"href":"https:\/\/logbuch.yellowfox.de\/index.php\/wp-json\/wp\/v2\/posts\/364\/revisions\/370"}],"wp:attachment":[{"href":"https:\/\/logbuch.yellowfox.de\/index.php\/wp-json\/wp\/v2\/media?parent=364"}],"wp:term":[{"taxonomy":"category","embeddable":true,"href":"https:\/\/logbuch.yellowfox.de\/index.php\/wp-json\/wp\/v2\/categories?post=364"},{"taxonomy":"post_tag","embeddable":true,"href":"https:\/\/logbuch.yellowfox.de\/index.php\/wp-json\/wp\/v2\/tags?post=364"}],"curies":[{"name":"wp","href":"https:\/\/api.w.org\/{rel}","templated":true}]}}