{"id":546,"date":"2024-04-03T12:20:06","date_gmt":"2024-04-03T10:20:06","guid":{"rendered":"https:\/\/logbuch.yellowfox.de\/?p=546"},"modified":"2024-04-03T12:20:07","modified_gmt":"2024-04-03T10:20:07","slug":"restlenkzeiten-mit-und-ohne-arbeitszeitgesetze","status":"publish","type":"post","link":"https:\/\/logbuch.yellowfox.de\/index.php\/2024\/04\/03\/restlenkzeiten-mit-und-ohne-arbeitszeitgesetze\/","title":{"rendered":"Restlenkzeiten mit und ohne Arbeitszeitgesetze"},"content":{"rendered":"\n<p>Um die Berechnung von Restlenkzeiten u.\u00e4. zu verbessern, haben wir vor einiger Zeit die Regeln der jeweiligen Arbeitszeitgesetze mit einflie\u00dfen lassen. Damit war es erstmals m\u00f6glich, die maximal m\u00f6gliche Restlenkzeit festzustellen basierend auf den aktuellen gesetzlichen Vorgaben aus Fahrpersonalverordnung und Arbeitszeitgesetzen. <\/p>\n\n\n\n<p>Dies hat in einigen F\u00e4llen zu Verwirrung gef\u00fchrt. YellowFox stellt daher nun beide Berechnungsergebnisse dar in diversen Ansichten und Reporten &#8211; jeweils auch unter Anwendung der lokalen Arbeitszeitgesetzgebung. <\/p>\n\n\n\n<figure class=\"wp-block-image size-full\"><img loading=\"lazy\" decoding=\"async\" width=\"322\" height=\"507\" src=\"https:\/\/logbuch.yellowfox.de\/wp-content\/uploads\/2024\/04\/lenkzeit_mit-ohne-AZG-Karte-POPUP-ArbZG-anonym.png\" alt=\"\" class=\"wp-image-547\" srcset=\"https:\/\/logbuch.yellowfox.de\/wp-content\/uploads\/2024\/04\/lenkzeit_mit-ohne-AZG-Karte-POPUP-ArbZG-anonym.png 322w, https:\/\/logbuch.yellowfox.de\/wp-content\/uploads\/2024\/04\/lenkzeit_mit-ohne-AZG-Karte-POPUP-ArbZG-anonym-191x300.png 191w\" sizes=\"auto, (max-width: 322px) 100vw, 322px\" \/><\/figure>\n\n\n\n<figure class=\"wp-block-image size-large\"><img loading=\"lazy\" decoding=\"async\" width=\"1024\" height=\"703\" src=\"https:\/\/logbuch.yellowfox.de\/wp-content\/uploads\/2024\/04\/lenkzeit_mit-ohne-AZG-Karte-POPUP-Schichtansicht-ArbZG-anonym-1024x703.png\" alt=\"\" class=\"wp-image-548\" srcset=\"https:\/\/logbuch.yellowfox.de\/wp-content\/uploads\/2024\/04\/lenkzeit_mit-ohne-AZG-Karte-POPUP-Schichtansicht-ArbZG-anonym-1024x703.png 1024w, https:\/\/logbuch.yellowfox.de\/wp-content\/uploads\/2024\/04\/lenkzeit_mit-ohne-AZG-Karte-POPUP-Schichtansicht-ArbZG-anonym-300x206.png 300w, https:\/\/logbuch.yellowfox.de\/wp-content\/uploads\/2024\/04\/lenkzeit_mit-ohne-AZG-Karte-POPUP-Schichtansicht-ArbZG-anonym-768x527.png 768w, https:\/\/logbuch.yellowfox.de\/wp-content\/uploads\/2024\/04\/lenkzeit_mit-ohne-AZG-Karte-POPUP-Schichtansicht-ArbZG-anonym.png 1106w\" sizes=\"auto, (max-width: 1024px) 100vw, 1024px\" \/><\/figure>\n\n\n\n<figure class=\"wp-block-image size-large\"><img loading=\"lazy\" decoding=\"async\" width=\"1024\" height=\"624\" src=\"https:\/\/logbuch.yellowfox.de\/wp-content\/uploads\/2024\/04\/lenkzeit_mit-ohne-ARV1-D8-1024x624.png\" alt=\"\" class=\"wp-image-549\" srcset=\"https:\/\/logbuch.yellowfox.de\/wp-content\/uploads\/2024\/04\/lenkzeit_mit-ohne-ARV1-D8-1024x624.png 1024w, https:\/\/logbuch.yellowfox.de\/wp-content\/uploads\/2024\/04\/lenkzeit_mit-ohne-ARV1-D8-300x183.png 300w, https:\/\/logbuch.yellowfox.de\/wp-content\/uploads\/2024\/04\/lenkzeit_mit-ohne-ARV1-D8-768x468.png 768w, https:\/\/logbuch.yellowfox.de\/wp-content\/uploads\/2024\/04\/lenkzeit_mit-ohne-ARV1-D8.png 1028w\" sizes=\"auto, (max-width: 1024px) 100vw, 1024px\" \/><\/figure>\n","protected":false},"excerpt":{"rendered":"<p>Ob Sie Restlenkzeiten mit oder ohne Arbeitszeitgesetze berechnen und anzeigen wollen, YellowFox kann beides<\/p>\n","protected":false},"author":1,"featured_media":0,"comment_status":"closed","ping_status":"closed","sticky":false,"template":"","format":"standard","meta":{"footnotes":""},"categories":[1],"tags":[26,35,15,3],"class_list":["post-546","post","type-post","status-publish","format-standard","hentry","category-news","tag-tacho-arbeitszeiten","tag-tachocomplete","tag-yellowtimemanager","tag-zeiterfassung"],"_links":{"self":[{"href":"https:\/\/logbuch.yellowfox.de\/index.php\/wp-json\/wp\/v2\/posts\/546","targetHints":{"allow":["GET"]}}],"collection":[{"href":"https:\/\/logbuch.yellowfox.de\/index.php\/wp-json\/wp\/v2\/posts"}],"about":[{"href":"https:\/\/logbuch.yellowfox.de\/index.php\/wp-json\/wp\/v2\/types\/post"}],"author":[{"embeddable":true,"href":"https:\/\/logbuch.yellowfox.de\/index.php\/wp-json\/wp\/v2\/users\/1"}],"replies":[{"embeddable":true,"href":"https:\/\/logbuch.yellowfox.de\/index.php\/wp-json\/wp\/v2\/comments?post=546"}],"version-history":[{"count":1,"href":"https:\/\/logbuch.yellowfox.de\/index.php\/wp-json\/wp\/v2\/posts\/546\/revisions"}],"predecessor-version":[{"id":552,"href":"https:\/\/logbuch.yellowfox.de\/index.php\/wp-json\/wp\/v2\/posts\/546\/revisions\/552"}],"wp:attachment":[{"href":"https:\/\/logbuch.yellowfox.de\/index.php\/wp-json\/wp\/v2\/media?parent=546"}],"wp:term":[{"taxonomy":"category","embeddable":true,"href":"https:\/\/logbuch.yellowfox.de\/index.php\/wp-json\/wp\/v2\/categories?post=546"},{"taxonomy":"post_tag","embeddable":true,"href":"https:\/\/logbuch.yellowfox.de\/index.php\/wp-json\/wp\/v2\/tags?post=546"}],"curies":[{"name":"wp","href":"https:\/\/api.w.org\/{rel}","templated":true}]}}