{"id":914,"date":"2024-08-01T08:45:34","date_gmt":"2024-08-01T06:45:34","guid":{"rendered":"https:\/\/logbuch.yellowfox.de\/?p=914"},"modified":"2024-08-01T08:45:35","modified_gmt":"2024-08-01T06:45:35","slug":"neue-regelungen-fuer-den-personengelegenheitsverkehr-digitacho","status":"publish","type":"post","link":"https:\/\/logbuch.yellowfox.de\/index.php\/2024\/08\/01\/neue-regelungen-fuer-den-personengelegenheitsverkehr-digitacho\/","title":{"rendered":"Neue Regelungen f\u00fcr den Personengelegenheitsverkehr &#8211; DigiTacho"},"content":{"rendered":"\n<p>Im April dieses Jahres wurden mit der EU-Verordnung 2024\/1258 kurzfristig neue Regelungen und Ausnahmen f\u00fcr den Personengelegenheitsverkehr beschlossen. Diese Regeln wurden nun f\u00fcr die Digitacho-Tageslenkzeiten und die Versto\u00dfberechnung in YellowFox integriert.<\/p>\n\n\n\n<ul class=\"wp-block-list\">\n<li><strong>Artikel 7:<\/strong> Die Lenkzeitunterbrechung ist nicht mehr starr an das Schema 45min oder 15min + 30min gebunden. Stattdessen sind auch 2 beliebige Ruhepausen von jeweils mindestens 15 Minuten m\u00f6glich, wenn die Summe der Pausen 45 Minuten betr\u00e4gt.\n<ul class=\"wp-block-list\">\n<li>Beispiel: 30min + 15min oder 23min + 22min<\/li>\n<\/ul>\n<\/li>\n\n\n\n<li><strong>Artikel 8 Absatz 2a:<\/strong> Es ist m\u00f6glich den Schichttag von 24 Stunden auf bis zu 25 Stunden zu verl\u00e4ngern, wenn folgende Bedingungen erf\u00fcllt sind:\n<ul class=\"wp-block-list\">\n<li>Eine Verl\u00e4ngerung, wenn die Lenkdauer an diesem Tag maximal 7 Stunden betr\u00e4gt und die Reisedauer mindestens 6 Tage umfasst.<\/li>\n\n\n\n<li>Zwei Verl\u00e4ngerungen, wenn am jeweiligen Tag die Lenkdauer von 7 Stunden nicht \u00fcberschritten wird und die Reisedauer mindestens 8 Tage umfasst.<\/li>\n<\/ul>\n<\/li>\n\n\n\n<li><strong>Artikel 8 Absatz 6a:<\/strong> Die Zusammenlegung von 2 Schichtwochen zu einer 12-Tage Schichtwoche ist auch bei Reisen im Inland zul\u00e4ssig.<\/li>\n<\/ul>\n\n\n\n<p>Die Verordnung ist am 22. Mai 2024 in Kraft getreten.<\/p>\n\n\n\n<p><\/p>\n","protected":false},"excerpt":{"rendered":"<p>Die neuen Regeln f\u00fcr die DigiTacho-Tageslenkzeiten und die Versto\u00dfberechnung wurden integriert<\/p>\n","protected":false},"author":5,"featured_media":0,"comment_status":"closed","ping_status":"closed","sticky":false,"template":"","format":"standard","meta":{"footnotes":""},"categories":[1],"tags":[73,86,26,35],"class_list":["post-914","post","type-post","status-publish","format-standard","hentry","category-news","tag-digitacho","tag-tacho-select","tag-tacho-arbeitszeiten","tag-tachocomplete"],"_links":{"self":[{"href":"https:\/\/logbuch.yellowfox.de\/index.php\/wp-json\/wp\/v2\/posts\/914","targetHints":{"allow":["GET"]}}],"collection":[{"href":"https:\/\/logbuch.yellowfox.de\/index.php\/wp-json\/wp\/v2\/posts"}],"about":[{"href":"https:\/\/logbuch.yellowfox.de\/index.php\/wp-json\/wp\/v2\/types\/post"}],"author":[{"embeddable":true,"href":"https:\/\/logbuch.yellowfox.de\/index.php\/wp-json\/wp\/v2\/users\/5"}],"replies":[{"embeddable":true,"href":"https:\/\/logbuch.yellowfox.de\/index.php\/wp-json\/wp\/v2\/comments?post=914"}],"version-history":[{"count":6,"href":"https:\/\/logbuch.yellowfox.de\/index.php\/wp-json\/wp\/v2\/posts\/914\/revisions"}],"predecessor-version":[{"id":930,"href":"https:\/\/logbuch.yellowfox.de\/index.php\/wp-json\/wp\/v2\/posts\/914\/revisions\/930"}],"wp:attachment":[{"href":"https:\/\/logbuch.yellowfox.de\/index.php\/wp-json\/wp\/v2\/media?parent=914"}],"wp:term":[{"taxonomy":"category","embeddable":true,"href":"https:\/\/logbuch.yellowfox.de\/index.php\/wp-json\/wp\/v2\/categories?post=914"},{"taxonomy":"post_tag","embeddable":true,"href":"https:\/\/logbuch.yellowfox.de\/index.php\/wp-json\/wp\/v2\/tags?post=914"}],"curies":[{"name":"wp","href":"https:\/\/api.w.org\/{rel}","templated":true}]}}